{"id":21568,"date":"2025-05-19T10:11:52","date_gmt":"2025-05-19T08:11:52","guid":{"rendered":"https:\/\/allplaysport.com\/?p=21568"},"modified":"2025-08-08T10:48:00","modified_gmt":"2025-08-08T08:48:00","slug":"assemblea-general-cluster-padel-2025-barcelona","status":"publish","type":"post","link":"https:\/\/allplaysport.com\/ca\/2025\/05\/assemblea-general-cluster-padel-2025-barcelona\/","title":{"rendered":"All Play, compromesa amb l\u2019Assemblea General 2025 del Cl\u00faster de la Ind\u00fastria del P\u00e0del"},"content":{"rendered":"\n<p><strong>Madrid, 16 de maig de 2025<\/strong> \u2013 L\u2019<strong>Assemblea General del Cl\u00faster de P\u00e0del 2025<\/strong> es va celebrar amb gran \u00e8xit a les instal\u00b7lacions d\u2019UNE, consolidant la capital com un punt de trobada clau per al creixement del p\u00e0del internacional. L\u2019esdeveniment va reunir m\u00e9s de 50 representants d\u2019empreses del sector, que van revisar els \u00e8xits de l\u2019\u00faltim any i van definir els nous objectius estrat\u00e8gics per al 2025.<\/p>\n\n\n\n<p><strong>Jorge Ca\u00f1a<\/strong>, responsable de l\u2019\u00e0rea t\u00e8cnica del Cl\u00faster, va presentar les noves normatives que afectaran la ind\u00fastria del p\u00e0del. Tot seguit, <strong>Mireia \u00c1lvarez<\/strong>, nova presidenta del Cl\u00faster, va compartir la planificaci\u00f3 estrat\u00e8gica per a aquest any, destacant objectius de creixement, professionalitzaci\u00f3 i cooperaci\u00f3 institucional.<\/p>\n\n\n\n<p>L\u2019Assemblea va comptar amb la participaci\u00f3 destacada de <strong>Luigi Carraro<\/strong>, president de la <strong>Federaci\u00f3 Internacional de P\u00e0del (FIP)<\/strong>, que va subratllar la import\u00e0ncia d\u2019alinear esfor\u00e7os entre federacions i cl\u00fasters per potenciar el desenvolupament global del p\u00e0del.<\/p>\n\n\n\n<p><strong>\u00c0lex Ponseti<\/strong>, director del <strong>World Padel Summit<\/strong>, va anunciar les novetats de l\u2019edici\u00f3 2025, que se celebrar\u00e0 al maig a Barcelona. Per part d\u2019<strong>All Play Sport<\/strong>, <strong>Albert Escofet<\/strong>, nou membre de la junta de m\u00e0rqueting del Cl\u00faster, va reafirmar el comprom\u00eds del holding amb l\u2019impuls estrat\u00e8gic del p\u00e0del.<\/p>\n\n\n\n<p>L\u2019acte va finalitzar amb un c\u00f2ctel i una sessi\u00f3 de networking, refor\u00e7ant els lla\u00e7os entre els diferents agents de la ind\u00fastria del p\u00e0del.<\/p>\n\n\n\n<p>\ud83d\udcce <strong>M\u00e9s informaci\u00f3 oficial:<\/strong><br>\ud83d\udc49 <a href=\"https:\/\/www.clusterpadel.com\/noticias\/20250520\/asi-fue-v-asamblea-general-cluster-internacional-padel.aspx\">Aix\u00ed va ser la V Assemblea General del Cl\u00faster Internacional del P\u00e0del<\/a><\/p>\n","protected":false},"excerpt":{"rendered":"<p>Madrid, 16 de maig de 2025 \u2013 L\u2019Assemblea General del Cl\u00faster de P\u00e0del 2025 es va celebrar amb gran \u00e8xit a les instal\u00b7lacions d\u2019UNE, consolidant la capital com un punt de trobada clau per al creixement del p\u00e0del internacional. L\u2019esdeveniment va reunir m\u00e9s de 50 representants d\u2019empreses del sector, que van revisar els \u00e8xits de l\u2019\u00faltim any i van definir els nous objectius estrat\u00e8gics per al 2025. Jorge Ca\u00f1a, responsable de l\u2019\u00e0rea t\u00e8cnica del Cl\u00faster, va presentar les noves normatives que afectaran la ind\u00fastria del p\u00e0del. Tot seguit, Mireia \u00c1lvarez, nova presidenta del Cl\u00faster, va compartir la planificaci\u00f3 estrat\u00e8gica per a aquest any, destacant objectius de creixement, professionalitzaci\u00f3 i cooperaci\u00f3 institucional. L\u2019Assemblea va comptar amb la participaci\u00f3 destacada de Luigi Carraro, president de la Federaci\u00f3 Internacional de P\u00e0del (FIP), que va subratllar la import\u00e0ncia d\u2019alinear esfor\u00e7os entre federacions i cl\u00fasters per potenciar el desenvolupament global del p\u00e0del. \u00c0lex Ponseti, director del World Padel Summit, va anunciar les novetats de l\u2019edici\u00f3 2025, que se celebrar\u00e0 al maig a Barcelona. Per part d\u2019All Play Sport, Albert Escofet, nou membre de la junta de m\u00e0rqueting del Cl\u00faster, va reafirmar el comprom\u00eds del holding amb l\u2019impuls estrat\u00e8gic del p\u00e0del. L\u2019acte va finalitzar amb un [&hellip;]<\/p>\n","protected":false},"author":2,"featured_media":21296,"comment_status":"closed","ping_status":"open","sticky":false,"template":"","format":"standard","meta":{"footnotes":""},"categories":[1],"tags":[],"class_list":["post-21568","post","type-post","status-publish","format-standard","has-post-thumbnail","hentry","category-sense-categoria"],"yoast_head":"<!-- This site is optimized with the Yoast SEO plugin v25.6 - https:\/\/yoast.com\/wordpress\/plugins\/seo\/ -->\n<title>\u00c8xit de l\u2019Assemblea General del Cl\u00faster de P\u00e0del 2025 a Madrid<\/title>\n<meta name=\"description\" content=\"L\u2019Assemblea General del Cl\u00faster de P\u00e0del 2025 va reunir m\u00e9s de 50 empreses a Madrid per definir objectius i refor\u00e7ar la ind\u00fastria del p\u00e0del.\" \/>\n<meta name=\"robots\" content=\"index, follow, max-snippet:-1, max-image-preview:large, max-video-preview:-1\" \/>\n<link rel=\"canonical\" href=\"https:\/\/allplaysport.com\/ca\/2025\/05\/assemblea-general-cluster-padel-2025-barcelona\/\" \/>\n<meta property=\"og:locale\" content=\"ca_ES\" \/>\n<meta property=\"og:type\" content=\"article\" \/>\n<meta property=\"og:title\" content=\"\u00c8xit de l\u2019Assemblea General del Cl\u00faster de P\u00e0del 2025 a Madrid\" \/>\n<meta property=\"og:description\" content=\"L\u2019Assemblea General del Cl\u00faster de P\u00e0del 2025 va reunir m\u00e9s de 50 empreses a Madrid per definir objectius i refor\u00e7ar la ind\u00fastria del p\u00e0del.\" \/>\n<meta property=\"og:url\" content=\"https:\/\/allplaysport.com\/ca\/2025\/05\/assemblea-general-cluster-padel-2025-barcelona\/\" \/>\n<meta property=\"og:site_name\" content=\"All Play\" \/>\n<meta property=\"article:published_time\" content=\"2025-05-19T08:11:52+00:00\" \/>\n<meta property=\"article:modified_time\" content=\"2025-08-08T08:48:00+00:00\" \/>\n<meta property=\"og:image\" content=\"https:\/\/allplaysport.com\/wp-content\/uploads\/2025\/05\/PHOTO-2025-05-27-11-26-50.jpg\" \/>\n\t<meta property=\"og:image:width\" content=\"1500\" \/>\n\t<meta property=\"og:image:height\" content=\"2000\" \/>\n\t<meta property=\"og:image:type\" content=\"image\/jpeg\" \/>\n<meta name=\"author\" content=\"AllPlayer\" \/>\n<meta name=\"twitter:card\" content=\"summary_large_image\" \/>\n<meta name=\"twitter:label1\" content=\"Escrit per\" \/>\n\t<meta name=\"twitter:data1\" content=\"AllPlayer\" \/>\n\t<meta name=\"twitter:label2\" content=\"Temps estimat de lectura\" \/>\n\t<meta name=\"twitter:data2\" content=\"2 minuts\" \/>\n<script type=\"application\/ld+json\" class=\"yoast-schema-graph\">{\"@context\":\"https:\/\/schema.org\",\"@graph\":[{\"@type\":\"WebPage\",\"@id\":\"https:\/\/allplaysport.com\/ca\/2025\/05\/assemblea-general-cluster-padel-2025-barcelona\/\",\"url\":\"https:\/\/allplaysport.com\/ca\/2025\/05\/assemblea-general-cluster-padel-2025-barcelona\/\",\"name\":\"\u00c8xit de l\u2019Assemblea General del Cl\u00faster de P\u00e0del 2025 a Madrid\",\"isPartOf\":{\"@id\":\"https:\/\/allplaysport.com\/ca\/#website\"},\"primaryImageOfPage\":{\"@id\":\"https:\/\/allplaysport.com\/ca\/2025\/05\/assemblea-general-cluster-padel-2025-barcelona\/#primaryimage\"},\"image\":{\"@id\":\"https:\/\/allplaysport.com\/ca\/2025\/05\/assemblea-general-cluster-padel-2025-barcelona\/#primaryimage\"},\"thumbnailUrl\":\"https:\/\/allplaysport.com\/wp-content\/uploads\/2025\/05\/PHOTO-2025-05-27-11-26-50.jpg\",\"datePublished\":\"2025-05-19T08:11:52+00:00\",\"dateModified\":\"2025-08-08T08:48:00+00:00\",\"author\":{\"@id\":\"https:\/\/allplaysport.com\/ca\/#\/schema\/person\/62dc6eabc89b51fa9c546c1ba32714c5\"},\"description\":\"L\u2019Assemblea General del Cl\u00faster de P\u00e0del 2025 va reunir m\u00e9s de 50 empreses a Madrid per definir objectius i refor\u00e7ar la ind\u00fastria del p\u00e0del.\",\"breadcrumb\":{\"@id\":\"https:\/\/allplaysport.com\/ca\/2025\/05\/assemblea-general-cluster-padel-2025-barcelona\/#breadcrumb\"},\"inLanguage\":\"ca\",\"potentialAction\":[{\"@type\":\"ReadAction\",\"target\":[\"https:\/\/allplaysport.com\/ca\/2025\/05\/assemblea-general-cluster-padel-2025-barcelona\/\"]}]},{\"@type\":\"ImageObject\",\"inLanguage\":\"ca\",\"@id\":\"https:\/\/allplaysport.com\/ca\/2025\/05\/assemblea-general-cluster-padel-2025-barcelona\/#primaryimage\",\"url\":\"https:\/\/allplaysport.com\/wp-content\/uploads\/2025\/05\/PHOTO-2025-05-27-11-26-50.jpg\",\"contentUrl\":\"https:\/\/allplaysport.com\/wp-content\/uploads\/2025\/05\/PHOTO-2025-05-27-11-26-50.jpg\",\"width\":1500,\"height\":2000,\"caption\":\"Cluster internacional de p\u00e1del 2025\"},{\"@type\":\"BreadcrumbList\",\"@id\":\"https:\/\/allplaysport.com\/ca\/2025\/05\/assemblea-general-cluster-padel-2025-barcelona\/#breadcrumb\",\"itemListElement\":[{\"@type\":\"ListItem\",\"position\":1,\"name\":\"Portada\",\"item\":\"https:\/\/allplaysport.com\/ca\/\"},{\"@type\":\"ListItem\",\"position\":2,\"name\":\"All Play, compromesa amb l\u2019Assemblea General 2025 del Cl\u00faster de la Ind\u00fastria del P\u00e0del\"}]},{\"@type\":\"WebSite\",\"@id\":\"https:\/\/allplaysport.com\/ca\/#website\",\"url\":\"https:\/\/allplaysport.com\/ca\/\",\"name\":\"All Play\",\"description\":\"Sport Marketing\",\"potentialAction\":[{\"@type\":\"SearchAction\",\"target\":{\"@type\":\"EntryPoint\",\"urlTemplate\":\"https:\/\/allplaysport.com\/ca\/?s={search_term_string}\"},\"query-input\":{\"@type\":\"PropertyValueSpecification\",\"valueRequired\":true,\"valueName\":\"search_term_string\"}}],\"inLanguage\":\"ca\"},{\"@type\":\"Person\",\"@id\":\"https:\/\/allplaysport.com\/ca\/#\/schema\/person\/62dc6eabc89b51fa9c546c1ba32714c5\",\"name\":\"AllPlayer\",\"url\":\"https:\/\/allplaysport.com\/ca\/author\/allplayer\/\"}]}<\/script>\n<!-- \/ Yoast SEO plugin. -->","yoast_head_json":{"title":"\u00c8xit de l\u2019Assemblea General del Cl\u00faster de P\u00e0del 2025 a Madrid","description":"L\u2019Assemblea General del Cl\u00faster de P\u00e0del 2025 va reunir m\u00e9s de 50 empreses a Madrid per definir objectius i refor\u00e7ar la ind\u00fastria del p\u00e0del.","robots":{"index":"index","follow":"follow","max-snippet":"max-snippet:-1","max-image-preview":"max-image-preview:large","max-video-preview":"max-video-preview:-1"},"canonical":"https:\/\/allplaysport.com\/ca\/2025\/05\/assemblea-general-cluster-padel-2025-barcelona\/","og_locale":"ca_ES","og_type":"article","og_title":"\u00c8xit de l\u2019Assemblea General del Cl\u00faster de P\u00e0del 2025 a Madrid","og_description":"L\u2019Assemblea General del Cl\u00faster de P\u00e0del 2025 va reunir m\u00e9s de 50 empreses a Madrid per definir objectius i refor\u00e7ar la ind\u00fastria del p\u00e0del.","og_url":"https:\/\/allplaysport.com\/ca\/2025\/05\/assemblea-general-cluster-padel-2025-barcelona\/","og_site_name":"All Play","article_published_time":"2025-05-19T08:11:52+00:00","article_modified_time":"2025-08-08T08:48:00+00:00","og_image":[{"width":1500,"height":2000,"url":"https:\/\/allplaysport.com\/wp-content\/uploads\/2025\/05\/PHOTO-2025-05-27-11-26-50.jpg","type":"image\/jpeg"}],"author":"AllPlayer","twitter_card":"summary_large_image","twitter_misc":{"Escrit per":"AllPlayer","Temps estimat de lectura":"2 minuts"},"schema":{"@context":"https:\/\/schema.org","@graph":[{"@type":"WebPage","@id":"https:\/\/allplaysport.com\/ca\/2025\/05\/assemblea-general-cluster-padel-2025-barcelona\/","url":"https:\/\/allplaysport.com\/ca\/2025\/05\/assemblea-general-cluster-padel-2025-barcelona\/","name":"\u00c8xit de l\u2019Assemblea General del Cl\u00faster de P\u00e0del 2025 a Madrid","isPartOf":{"@id":"https:\/\/allplaysport.com\/ca\/#website"},"primaryImageOfPage":{"@id":"https:\/\/allplaysport.com\/ca\/2025\/05\/assemblea-general-cluster-padel-2025-barcelona\/#primaryimage"},"image":{"@id":"https:\/\/allplaysport.com\/ca\/2025\/05\/assemblea-general-cluster-padel-2025-barcelona\/#primaryimage"},"thumbnailUrl":"https:\/\/allplaysport.com\/wp-content\/uploads\/2025\/05\/PHOTO-2025-05-27-11-26-50.jpg","datePublished":"2025-05-19T08:11:52+00:00","dateModified":"2025-08-08T08:48:00+00:00","author":{"@id":"https:\/\/allplaysport.com\/ca\/#\/schema\/person\/62dc6eabc89b51fa9c546c1ba32714c5"},"description":"L\u2019Assemblea General del Cl\u00faster de P\u00e0del 2025 va reunir m\u00e9s de 50 empreses a Madrid per definir objectius i refor\u00e7ar la ind\u00fastria del p\u00e0del.","breadcrumb":{"@id":"https:\/\/allplaysport.com\/ca\/2025\/05\/assemblea-general-cluster-padel-2025-barcelona\/#breadcrumb"},"inLanguage":"ca","potentialAction":[{"@type":"ReadAction","target":["https:\/\/allplaysport.com\/ca\/2025\/05\/assemblea-general-cluster-padel-2025-barcelona\/"]}]},{"@type":"ImageObject","inLanguage":"ca","@id":"https:\/\/allplaysport.com\/ca\/2025\/05\/assemblea-general-cluster-padel-2025-barcelona\/#primaryimage","url":"https:\/\/allplaysport.com\/wp-content\/uploads\/2025\/05\/PHOTO-2025-05-27-11-26-50.jpg","contentUrl":"https:\/\/allplaysport.com\/wp-content\/uploads\/2025\/05\/PHOTO-2025-05-27-11-26-50.jpg","width":1500,"height":2000,"caption":"Cluster internacional de p\u00e1del 2025"},{"@type":"BreadcrumbList","@id":"https:\/\/allplaysport.com\/ca\/2025\/05\/assemblea-general-cluster-padel-2025-barcelona\/#breadcrumb","itemListElement":[{"@type":"ListItem","position":1,"name":"Portada","item":"https:\/\/allplaysport.com\/ca\/"},{"@type":"ListItem","position":2,"name":"All Play, compromesa amb l\u2019Assemblea General 2025 del Cl\u00faster de la Ind\u00fastria del P\u00e0del"}]},{"@type":"WebSite","@id":"https:\/\/allplaysport.com\/ca\/#website","url":"https:\/\/allplaysport.com\/ca\/","name":"All Play","description":"Sport Marketing","potentialAction":[{"@type":"SearchAction","target":{"@type":"EntryPoint","urlTemplate":"https:\/\/allplaysport.com\/ca\/?s={search_term_string}"},"query-input":{"@type":"PropertyValueSpecification","valueRequired":true,"valueName":"search_term_string"}}],"inLanguage":"ca"},{"@type":"Person","@id":"https:\/\/allplaysport.com\/ca\/#\/schema\/person\/62dc6eabc89b51fa9c546c1ba32714c5","name":"AllPlayer","url":"https:\/\/allplaysport.com\/ca\/author\/allplayer\/"}]}},"_links":{"self":[{"href":"https:\/\/allplaysport.com\/ca\/wp-json\/wp\/v2\/posts\/21568","targetHints":{"allow":["GET"]}}],"collection":[{"href":"https:\/\/allplaysport.com\/ca\/wp-json\/wp\/v2\/posts"}],"about":[{"href":"https:\/\/allplaysport.com\/ca\/wp-json\/wp\/v2\/types\/post"}],"author":[{"embeddable":true,"href":"https:\/\/allplaysport.com\/ca\/wp-json\/wp\/v2\/users\/2"}],"replies":[{"embeddable":true,"href":"https:\/\/allplaysport.com\/ca\/wp-json\/wp\/v2\/comments?post=21568"}],"version-history":[{"count":1,"href":"https:\/\/allplaysport.com\/ca\/wp-json\/wp\/v2\/posts\/21568\/revisions"}],"predecessor-version":[{"id":21569,"href":"https:\/\/allplaysport.com\/ca\/wp-json\/wp\/v2\/posts\/21568\/revisions\/21569"}],"wp:featuredmedia":[{"embeddable":true,"href":"https:\/\/allplaysport.com\/ca\/wp-json\/wp\/v2\/media\/21296"}],"wp:attachment":[{"href":"https:\/\/allplaysport.com\/ca\/wp-json\/wp\/v2\/media?parent=21568"}],"wp:term":[{"taxonomy":"category","embeddable":true,"href":"https:\/\/allplaysport.com\/ca\/wp-json\/wp\/v2\/categories?post=21568"},{"taxonomy":"post_tag","embeddable":true,"href":"https:\/\/allplaysport.com\/ca\/wp-json\/wp\/v2\/tags?post=21568"}],"curies":[{"name":"wp","href":"https:\/\/api.w.org\/{rel}","templated":true}]}}