{"id":18730,"date":"2013-06-02T10:00:39","date_gmt":"2013-06-02T08:00:39","guid":{"rendered":"https:\/\/allplaysport.com\/2019\/08\/ii-torneig-padel-fundacio-cruyff-2013\/"},"modified":"2020-03-26T13:49:32","modified_gmt":"2020-03-26T11:49:32","slug":"ii-torneig-padel-fundacio-cruyff-2013","status":"publish","type":"post","link":"https:\/\/allplaysport.com\/ca\/2013\/06\/ii-torneig-padel-fundacio-cruyff-2013\/","title":{"rendered":"II Torneig padel Fundaci\u00f3 Cruyff 2013"},"content":{"rendered":"<div class=\"wpb-content-wrapper\"><p>[vc_row][vc_column][vc_column_text][\/vc_column_text][\/vc_column][\/vc_row][vc_row][vc_column width=&#8221;1\/1&#8243;]<div class=\"flexslider wpb_content_element\"><ul class=\"slides\"><li><img decoding=\"async\" src=\"https:\/\/allplaysport.com\/wp-content\/uploads\/2013\/06\/Benefic_2013.jpg\" alt=\"\" \/><\/li><\/ul><\/div>[\/vc_column][\/vc_row][vc_row][vc_column][vc_column_text]<\/p>\n<p>Ayer domingo finalizaron los actos del II Torneo Fundaci\u00f3n Cruyff en las instalaciones del Slam Padel, que se ha disputado durante toda la semana con la participaci\u00f3n de 120 parejas entre categor\u00eda masculina y femenina.<\/p>\n<p>Las finales del torneo se disputaron el s\u00e1bado por la tarde.<\/p>\n<p>Ayer domingo se jug\u00f3 un Celeb-Am entre los jugadores ganadores de todas las categor\u00edas, invitados de la Fundaci\u00f3n Cruyff y varios ex jugadores de futbol y tenis como Sergi Bruguera, Pichi Alonso, etc.<\/p>\n<p>Para culminar los actos de esta edici\u00f3n, se disput\u00f3 un partido de exhibici\u00f3n en la pista que se instal\u00f3 para esta ocasi\u00f3n en el campo de f\u00fatbol adyacente al club de p\u00e1del, entre los profesionales de p\u00e1del: Fernando Belastegu\u00edn, Paquito Navarro, Fernando Pogi y Maxi D\u00edaz. Los jugadores hicieron disfrutar a las m\u00e1s de 400 personas que accedieron a las gradas de la pista.[\/vc_column_text][\/vc_column][\/vc_row]<\/p>\n<\/div>","protected":false},"excerpt":{"rendered":"<p>[vc_row][vc_column][vc_column_text][\/vc_column_text][\/vc_column][\/vc_row][vc_row][vc_column width=&#8221;1\/1&#8243;][\/vc_column][\/vc_row][vc_row][vc_column][vc_column_text] Ayer domingo finalizaron los actos del II Torneo Fundaci\u00f3n Cruyff en las instalaciones del Slam Padel, que se ha disputado durante toda la semana con la participaci\u00f3n de 120 parejas entre categor\u00eda masculina y femenina. Las finales del torneo se disputaron el s\u00e1bado por la tarde. Ayer domingo se jug\u00f3 un Celeb-Am entre los jugadores ganadores de todas las categor\u00edas, invitados de la Fundaci\u00f3n Cruyff y varios ex jugadores de futbol y tenis como Sergi Bruguera, Pichi Alonso, etc. Para culminar los actos de esta edici\u00f3n, se disput\u00f3 un partido de exhibici\u00f3n en la pista que se instal\u00f3 para esta ocasi\u00f3n en el campo de f\u00fatbol adyacente al club de p\u00e1del, entre los profesionales de p\u00e1del: Fernando Belastegu\u00edn, Paquito Navarro, Fernando Pogi y Maxi D\u00edaz. Los jugadores hicieron disfrutar a las m\u00e1s de 400 personas que accedieron a las gradas de la pista.[\/vc_column_text][\/vc_column][\/vc_row]<\/p>\n","protected":false},"author":1,"featured_media":0,"comment_status":"closed","ping_status":"open","sticky":false,"template":"","format":"standard","meta":{"footnotes":""},"categories":[81,86],"tags":[],"class_list":["post-18730","post","type-post","status-publish","format-standard","hentry","category-events-ca-ca","category-padel-ca-2"],"yoast_head":"<!-- This site is optimized with the Yoast SEO plugin v25.6 - https:\/\/yoast.com\/wordpress\/plugins\/seo\/ -->\n<title>II Torneig padel Fundaci\u00f3 Cruyff 2013 - All Play<\/title>\n<meta name=\"robots\" content=\"index, follow, max-snippet:-1, max-image-preview:large, max-video-preview:-1\" \/>\n<link rel=\"canonical\" href=\"https:\/\/allplaysport.com\/ca\/2013\/06\/ii-torneig-padel-fundacio-cruyff-2013\/\" \/>\n<meta property=\"og:locale\" content=\"ca_ES\" \/>\n<meta property=\"og:type\" content=\"article\" \/>\n<meta property=\"og:title\" content=\"II Torneig padel Fundaci\u00f3 Cruyff 2013 - All Play\" \/>\n<meta property=\"og:description\" content=\"[vc_row][vc_column][vc_column_text][\/vc_column_text][\/vc_column][\/vc_row][vc_row][vc_column width=&#8221;1\/1&#8243;][\/vc_column][\/vc_row][vc_row][vc_column][vc_column_text] Ayer domingo finalizaron los actos del II Torneo Fundaci\u00f3n Cruyff en las instalaciones del Slam Padel, que se ha disputado durante toda la semana con la participaci\u00f3n de 120 parejas entre categor\u00eda masculina y femenina. Las finales del torneo se disputaron el s\u00e1bado por la tarde. Ayer domingo se jug\u00f3 un Celeb-Am entre los jugadores ganadores de todas las categor\u00edas, invitados de la Fundaci\u00f3n Cruyff y varios ex jugadores de futbol y tenis como Sergi Bruguera, Pichi Alonso, etc. Para culminar los actos de esta edici\u00f3n, se disput\u00f3 un partido de exhibici\u00f3n en la pista que se instal\u00f3 para esta ocasi\u00f3n en el campo de f\u00fatbol adyacente al club de p\u00e1del, entre los profesionales de p\u00e1del: Fernando Belastegu\u00edn, Paquito Navarro, Fernando Pogi y Maxi D\u00edaz. Los jugadores hicieron disfrutar a las m\u00e1s de 400 personas que accedieron a las gradas de la pista.[\/vc_column_text][\/vc_column][\/vc_row]\" \/>\n<meta property=\"og:url\" content=\"https:\/\/allplaysport.com\/ca\/2013\/06\/ii-torneig-padel-fundacio-cruyff-2013\/\" \/>\n<meta property=\"og:site_name\" content=\"All Play\" \/>\n<meta property=\"article:published_time\" content=\"2013-06-02T08:00:39+00:00\" \/>\n<meta property=\"article:modified_time\" content=\"2020-03-26T11:49:32+00:00\" \/>\n<meta name=\"author\" content=\"AllPlaySport\" \/>\n<meta name=\"twitter:card\" content=\"summary_large_image\" \/>\n<meta name=\"twitter:label1\" content=\"Escrit per\" \/>\n\t<meta name=\"twitter:data1\" content=\"AllPlaySport\" \/>\n\t<meta name=\"twitter:label2\" content=\"Temps estimat de lectura\" \/>\n\t<meta name=\"twitter:data2\" content=\"1 minut\" \/>\n<script type=\"application\/ld+json\" class=\"yoast-schema-graph\">{\"@context\":\"https:\/\/schema.org\",\"@graph\":[{\"@type\":\"WebPage\",\"@id\":\"https:\/\/allplaysport.com\/ca\/2013\/06\/ii-torneig-padel-fundacio-cruyff-2013\/\",\"url\":\"https:\/\/allplaysport.com\/ca\/2013\/06\/ii-torneig-padel-fundacio-cruyff-2013\/\",\"name\":\"II Torneig padel Fundaci\u00f3 Cruyff 2013 - All Play\",\"isPartOf\":{\"@id\":\"https:\/\/allplaysport.com\/ca\/#website\"},\"datePublished\":\"2013-06-02T08:00:39+00:00\",\"dateModified\":\"2020-03-26T11:49:32+00:00\",\"author\":{\"@id\":\"https:\/\/allplaysport.com\/ca\/#\/schema\/person\/e45290b738db39ea971a6e131506d2b5\"},\"breadcrumb\":{\"@id\":\"https:\/\/allplaysport.com\/ca\/2013\/06\/ii-torneig-padel-fundacio-cruyff-2013\/#breadcrumb\"},\"inLanguage\":\"ca\",\"potentialAction\":[{\"@type\":\"ReadAction\",\"target\":[\"https:\/\/allplaysport.com\/ca\/2013\/06\/ii-torneig-padel-fundacio-cruyff-2013\/\"]}]},{\"@type\":\"BreadcrumbList\",\"@id\":\"https:\/\/allplaysport.com\/ca\/2013\/06\/ii-torneig-padel-fundacio-cruyff-2013\/#breadcrumb\",\"itemListElement\":[{\"@type\":\"ListItem\",\"position\":1,\"name\":\"Portada\",\"item\":\"https:\/\/allplaysport.com\/ca\/\"},{\"@type\":\"ListItem\",\"position\":2,\"name\":\"II Torneig padel Fundaci\u00f3 Cruyff 2013\"}]},{\"@type\":\"WebSite\",\"@id\":\"https:\/\/allplaysport.com\/ca\/#website\",\"url\":\"https:\/\/allplaysport.com\/ca\/\",\"name\":\"All Play\",\"description\":\"Sport Marketing\",\"potentialAction\":[{\"@type\":\"SearchAction\",\"target\":{\"@type\":\"EntryPoint\",\"urlTemplate\":\"https:\/\/allplaysport.com\/ca\/?s={search_term_string}\"},\"query-input\":{\"@type\":\"PropertyValueSpecification\",\"valueRequired\":true,\"valueName\":\"search_term_string\"}}],\"inLanguage\":\"ca\"},{\"@type\":\"Person\",\"@id\":\"https:\/\/allplaysport.com\/ca\/#\/schema\/person\/e45290b738db39ea971a6e131506d2b5\",\"name\":\"AllPlaySport\",\"url\":\"https:\/\/allplaysport.com\/ca\/author\/allplaysport\/\"}]}<\/script>\n<!-- \/ Yoast SEO plugin. -->","yoast_head_json":{"title":"II Torneig padel Fundaci\u00f3 Cruyff 2013 - All Play","robots":{"index":"index","follow":"follow","max-snippet":"max-snippet:-1","max-image-preview":"max-image-preview:large","max-video-preview":"max-video-preview:-1"},"canonical":"https:\/\/allplaysport.com\/ca\/2013\/06\/ii-torneig-padel-fundacio-cruyff-2013\/","og_locale":"ca_ES","og_type":"article","og_title":"II Torneig padel Fundaci\u00f3 Cruyff 2013 - All Play","og_description":"[vc_row][vc_column][vc_column_text][\/vc_column_text][\/vc_column][\/vc_row][vc_row][vc_column width=&#8221;1\/1&#8243;][\/vc_column][\/vc_row][vc_row][vc_column][vc_column_text] Ayer domingo finalizaron los actos del II Torneo Fundaci\u00f3n Cruyff en las instalaciones del Slam Padel, que se ha disputado durante toda la semana con la participaci\u00f3n de 120 parejas entre categor\u00eda masculina y femenina. Las finales del torneo se disputaron el s\u00e1bado por la tarde. Ayer domingo se jug\u00f3 un Celeb-Am entre los jugadores ganadores de todas las categor\u00edas, invitados de la Fundaci\u00f3n Cruyff y varios ex jugadores de futbol y tenis como Sergi Bruguera, Pichi Alonso, etc. Para culminar los actos de esta edici\u00f3n, se disput\u00f3 un partido de exhibici\u00f3n en la pista que se instal\u00f3 para esta ocasi\u00f3n en el campo de f\u00fatbol adyacente al club de p\u00e1del, entre los profesionales de p\u00e1del: Fernando Belastegu\u00edn, Paquito Navarro, Fernando Pogi y Maxi D\u00edaz. Los jugadores hicieron disfrutar a las m\u00e1s de 400 personas que accedieron a las gradas de la pista.[\/vc_column_text][\/vc_column][\/vc_row]","og_url":"https:\/\/allplaysport.com\/ca\/2013\/06\/ii-torneig-padel-fundacio-cruyff-2013\/","og_site_name":"All Play","article_published_time":"2013-06-02T08:00:39+00:00","article_modified_time":"2020-03-26T11:49:32+00:00","author":"AllPlaySport","twitter_card":"summary_large_image","twitter_misc":{"Escrit per":"AllPlaySport","Temps estimat de lectura":"1 minut"},"schema":{"@context":"https:\/\/schema.org","@graph":[{"@type":"WebPage","@id":"https:\/\/allplaysport.com\/ca\/2013\/06\/ii-torneig-padel-fundacio-cruyff-2013\/","url":"https:\/\/allplaysport.com\/ca\/2013\/06\/ii-torneig-padel-fundacio-cruyff-2013\/","name":"II Torneig padel Fundaci\u00f3 Cruyff 2013 - All Play","isPartOf":{"@id":"https:\/\/allplaysport.com\/ca\/#website"},"datePublished":"2013-06-02T08:00:39+00:00","dateModified":"2020-03-26T11:49:32+00:00","author":{"@id":"https:\/\/allplaysport.com\/ca\/#\/schema\/person\/e45290b738db39ea971a6e131506d2b5"},"breadcrumb":{"@id":"https:\/\/allplaysport.com\/ca\/2013\/06\/ii-torneig-padel-fundacio-cruyff-2013\/#breadcrumb"},"inLanguage":"ca","potentialAction":[{"@type":"ReadAction","target":["https:\/\/allplaysport.com\/ca\/2013\/06\/ii-torneig-padel-fundacio-cruyff-2013\/"]}]},{"@type":"BreadcrumbList","@id":"https:\/\/allplaysport.com\/ca\/2013\/06\/ii-torneig-padel-fundacio-cruyff-2013\/#breadcrumb","itemListElement":[{"@type":"ListItem","position":1,"name":"Portada","item":"https:\/\/allplaysport.com\/ca\/"},{"@type":"ListItem","position":2,"name":"II Torneig padel Fundaci\u00f3 Cruyff 2013"}]},{"@type":"WebSite","@id":"https:\/\/allplaysport.com\/ca\/#website","url":"https:\/\/allplaysport.com\/ca\/","name":"All Play","description":"Sport Marketing","potentialAction":[{"@type":"SearchAction","target":{"@type":"EntryPoint","urlTemplate":"https:\/\/allplaysport.com\/ca\/?s={search_term_string}"},"query-input":{"@type":"PropertyValueSpecification","valueRequired":true,"valueName":"search_term_string"}}],"inLanguage":"ca"},{"@type":"Person","@id":"https:\/\/allplaysport.com\/ca\/#\/schema\/person\/e45290b738db39ea971a6e131506d2b5","name":"AllPlaySport","url":"https:\/\/allplaysport.com\/ca\/author\/allplaysport\/"}]}},"_links":{"self":[{"href":"https:\/\/allplaysport.com\/ca\/wp-json\/wp\/v2\/posts\/18730","targetHints":{"allow":["GET"]}}],"collection":[{"href":"https:\/\/allplaysport.com\/ca\/wp-json\/wp\/v2\/posts"}],"about":[{"href":"https:\/\/allplaysport.com\/ca\/wp-json\/wp\/v2\/types\/post"}],"author":[{"embeddable":true,"href":"https:\/\/allplaysport.com\/ca\/wp-json\/wp\/v2\/users\/1"}],"replies":[{"embeddable":true,"href":"https:\/\/allplaysport.com\/ca\/wp-json\/wp\/v2\/comments?post=18730"}],"version-history":[{"count":1,"href":"https:\/\/allplaysport.com\/ca\/wp-json\/wp\/v2\/posts\/18730\/revisions"}],"predecessor-version":[{"id":18736,"href":"https:\/\/allplaysport.com\/ca\/wp-json\/wp\/v2\/posts\/18730\/revisions\/18736"}],"wp:attachment":[{"href":"https:\/\/allplaysport.com\/ca\/wp-json\/wp\/v2\/media?parent=18730"}],"wp:term":[{"taxonomy":"category","embeddable":true,"href":"https:\/\/allplaysport.com\/ca\/wp-json\/wp\/v2\/categories?post=18730"},{"taxonomy":"post_tag","embeddable":true,"href":"https:\/\/allplaysport.com\/ca\/wp-json\/wp\/v2\/tags?post=18730"}],"curies":[{"name":"wp","href":"https:\/\/api.w.org\/{rel}","templated":true}]}}